{"id":849,"date":"2019-08-27T17:08:04","date_gmt":"2019-08-27T21:08:04","guid":{"rendered":"https:\/\/acjt.ca\/?p=849"},"modified":"2021-05-25T13:24:52","modified_gmt":"2021-05-25T17:24:52","slug":"formation-jeudi-12-septembre-2019-a-18-h","status":"publish","type":"post","link":"https:\/\/acjt.ca\/en\/activites\/formation-jeudi-12-septembre-2019-a-18-h\/","title":{"rendered":"Formation &#8211; jeudi 12 septembre 2019 \u00e0 18 h"},"content":{"rendered":"<div class=\"_2zOpJb7ZbCN0X1DoeFyiYw JWNdg1hee9_Rz6bIGvG1c allowTextSelection\">\n<div>\n<div class=\"rps_4cdc\">\n<div>\n<div dir=\"ltr\">\n<div dir=\"ltr\">\n<p><img loading=\"lazy\" decoding=\"async\" class=\"alignnone size-medium wp-image-920\" src=\"https:\/\/acjt.ca\/wp-content\/uploads\/2019\/08\/Activit\u00e9-formation-12-sept-2019-300x225.jpg\" alt=\"\" width=\"300\" height=\"225\" srcset=\"https:\/\/acjt.ca\/wp-content\/uploads\/2019\/08\/Activit\u00e9-formation-12-sept-2019-300x225.jpg 300w, https:\/\/acjt.ca\/wp-content\/uploads\/2019\/08\/Activit\u00e9-formation-12-sept-2019-768x576.jpg 768w, https:\/\/acjt.ca\/wp-content\/uploads\/2019\/08\/Activit\u00e9-formation-12-sept-2019-1024x768.jpg 1024w, https:\/\/acjt.ca\/wp-content\/uploads\/2019\/08\/Activit\u00e9-formation-12-sept-2019.jpg 1280w\" sizes=\"auto, (max-width: 300px) 100vw, 300px\" \/><\/p>\n<p class=\"x_MsoNormal\">Chers membres,<u><\/u><u><\/u><\/p>\n<p class=\"x_MsoNormal\">Nous esp\u00e9rons que vous avez pass\u00e9 un doux \u00e9t\u00e9.\u00a0Cet automne, votre conseil d&#8217;administration vous propose une formation anim\u00e9e par Arnaud Tellier-Marcil intitul\u00e9e\u00a0\u00ab<strong>\u00a0Pleins feux sur ces termes qui donnent des migraines au traducteur de contrats<\/strong>\u00a0\u00bb.<\/p>\n<p class=\"x_MsoNormal\"><b>DATE\u00a0:\u00a0<\/b>le jeudi 12 septembre 2019, \u00e0 18 h (d\u00e9but de la formation); un go\u00fbter sera servi \u00e0 compter de 17 h 30.<\/p>\n<p class=\"x_MsoNormal\"><b>LIEU<\/b>\u00a0: McMillan, 1000, rue Sherbrooke Ouest, Montr\u00e9al, 27<sup>e<\/sup>\u00a0\u00e9tage, \u00e0 compter\u00a0de 17 h 30. La formation d\u00e9butera \u00e0 18 h.<\/p>\n<p class=\"x_MsoNormal\"><b>DUR\u00c9E<\/b>\u00a0: 3 heures<\/p>\n<p class=\"x_MsoNormal\"><b>BARREAU DU QU\u00c9BEC\u00a0:<\/b>\u00a0cette formation fait l\u2019objet d\u2019une demande de reconnaissance aupr\u00e8s du Barreau au titre de la formation continue (3\u00a0h).<\/p>\n<p class=\"x_MsoNormal\"><b>PROGRAMME<\/b><\/p>\n<p class=\"x_gmail-m_1879930823665302616gmail-msoplaintext\"><span lang=\"EN-CA\">To agree<u><\/u><u><\/u><\/span><\/p>\n<p class=\"x_gmail-m_1879930823665302616gmail-msoplaintext\"><span lang=\"EN-CA\">Release and discharge<u><\/u><u><\/u><\/span><\/p>\n<p class=\"x_gmail-m_1879930823665302616gmail-msoplaintext\"><span lang=\"EN-CA\">Releasee\/Releasor<u><\/u><u><\/u><\/span><\/p>\n<p class=\"x_gmail-m_1879930823665302616gmail-msoplaintext\"><span lang=\"EN-CA\">Successors and assign(ee)s<u><\/u><u><\/u><\/span><\/p>\n<p class=\"x_gmail-m_1879930823665302616gmail-msoplaintext\"><span lang=\"EN-CA\">Bind and enure to the benefit of<u><\/u><u><\/u><\/span><\/p>\n<p class=\"x_gmail-m_1879930823665302616gmail-msoplaintext\"><span lang=\"EN-CA\">Executors, administrators and legal representatives<u><\/u><u><\/u><\/span><\/p>\n<p class=\"x_gmail-m_1879930823665302616gmail-msoplaintext\">Legal rights(s)<u><\/u><u><\/u><\/p>\n<p class=\"x_gmail-m_1879930823665302616gmail-msoplaintext\">Damage\/Damages<u><\/u><u><\/u><\/p>\n<p class=\"x_MsoNormal\">Veuillez confirmer votre pr\u00e9sence, si possible avant le 6 septembre 2019. Si vous \u00eates inscrit, mais ne pourrez pas venir, veuillez nous en avertir le plus t\u00f4t possible. Merci.<\/p>\n<p class=\"x_MsoNormal\">Salutations cordiales,<u><\/u><u><\/u><\/p>\n<p class=\"x_MsoNormal\">Le conseil d\u2019administration<\/p>\n<\/div>\n<\/div>\n<\/div>\n<\/div>\n<\/div>\n<\/div>\n","protected":false},"excerpt":{"rendered":"<p>Chers membres, Nous esp\u00e9rons que vous avez pass\u00e9 un doux \u00e9t\u00e9.\u00a0Cet automne, votre conseil d&#8217;administration vous propose une formation anim\u00e9e par Arnaud Tellier-Marcil intitul\u00e9e\u00a0\u00ab\u00a0Pleins feux sur ces termes qui donnent des migraines au traducteur de contrats\u00a0\u00bb. DATE\u00a0:\u00a0le jeudi 12 septembre 2019, \u00e0 18 h (d\u00e9but&#8230;<\/p>\n","protected":false},"author":2,"featured_media":0,"comment_status":"open","ping_status":"open","sticky":false,"template":"","format":"standard","meta":{"footnotes":""},"categories":[2],"tags":[],"class_list":["post-849","post","type-post","status-publish","format-standard","hentry","category-activites"],"acf":[],"_links":{"self":[{"href":"https:\/\/acjt.ca\/en\/wp-json\/wp\/v2\/posts\/849","targetHints":{"allow":["GET"]}}],"collection":[{"href":"https:\/\/acjt.ca\/en\/wp-json\/wp\/v2\/posts"}],"about":[{"href":"https:\/\/acjt.ca\/en\/wp-json\/wp\/v2\/types\/post"}],"author":[{"embeddable":true,"href":"https:\/\/acjt.ca\/en\/wp-json\/wp\/v2\/users\/2"}],"replies":[{"embeddable":true,"href":"https:\/\/acjt.ca\/en\/wp-json\/wp\/v2\/comments?post=849"}],"version-history":[{"count":2,"href":"https:\/\/acjt.ca\/en\/wp-json\/wp\/v2\/posts\/849\/revisions"}],"predecessor-version":[{"id":921,"href":"https:\/\/acjt.ca\/en\/wp-json\/wp\/v2\/posts\/849\/revisions\/921"}],"wp:attachment":[{"href":"https:\/\/acjt.ca\/en\/wp-json\/wp\/v2\/media?parent=849"}],"wp:term":[{"taxonomy":"category","embeddable":true,"href":"https:\/\/acjt.ca\/en\/wp-json\/wp\/v2\/categories?post=849"},{"taxonomy":"post_tag","embeddable":true,"href":"https:\/\/acjt.ca\/en\/wp-json\/wp\/v2\/tags?post=849"}],"curies":[{"name":"wp","href":"https:\/\/api.w.org\/{rel}","templated":true}]}}