{"id":2258,"date":"2024-02-05T13:20:19","date_gmt":"2024-02-05T18:20:19","guid":{"rendered":"https:\/\/acjt.ca\/?p=2258"},"modified":"2024-02-05T13:20:31","modified_gmt":"2024-02-05T18:20:31","slug":"recrutement-de-jurilinguistes","status":"publish","type":"post","link":"https:\/\/acjt.ca\/en\/activites\/recrutement-de-jurilinguistes\/","title":{"rendered":"Recrutement de jurilinguistes"},"content":{"rendered":"<p style=\"text-align: center;\"><img loading=\"lazy\" decoding=\"async\" class=\"alignnone size-medium wp-image-1871\" src=\"https:\/\/acjt.ca\/wp-content\/uploads\/2022\/06\/logo_acjt_en-300x86.jpg\" alt=\"\" width=\"300\" height=\"86\" srcset=\"https:\/\/acjt.ca\/wp-content\/uploads\/2022\/06\/logo_acjt_en-300x86.jpg 300w, https:\/\/acjt.ca\/wp-content\/uploads\/2022\/06\/logo_acjt_en.jpg 730w\" sizes=\"auto, (max-width: 300px) 100vw, 300px\" \/><\/p>\n<p style=\"text-align: center;\">INVITATION \u00c0 TOUS NOS MEMBRES<br \/>\nCAMPAGNE DE RECRUTEMENT DE \u00ab JURILINGUISTES \u00bb PAR LE<br \/>\nSERVICE ADMINISTRATIF DES TRIBUNAUX JUDICIAIRES (SATJ)<\/p>\n<p style=\"text-align: center;\"><img loading=\"lazy\" decoding=\"async\" class=\"alignnone wp-image-2259\" src=\"https:\/\/acjt.ca\/wp-content\/uploads\/2024\/02\/1-300x247.jpg\" alt=\"\" width=\"270\" height=\"222\" srcset=\"https:\/\/acjt.ca\/wp-content\/uploads\/2024\/02\/1-300x247.jpg 300w, https:\/\/acjt.ca\/wp-content\/uploads\/2024\/02\/1.jpg 514w\" sizes=\"auto, (max-width: 270px) 100vw, 270px\" \/><br \/>\n<strong>LE VENDREDI 16 F\u00c9VRIER 2024 DE 16 H \u00c0 17 H 30<\/strong><br \/>\ndans les locaux du SATJ situ\u00e9s au 30, rue McGill \u00e0 Montr\u00e9al<\/p>\n<p style=\"text-align: left;\">Programme de l\u2019activit\u00e9<br \/>\nDeux allocutions :<br \/>\n1. Monsieur David Boudreau, directeur g\u00e9n\u00e9ral des services int\u00e9gr\u00e9s du SATJ;<br \/>\n2. M e Christian Despr\u00e9s, jurilinguiste en chef de la Cour supr\u00eame du Canada et<br \/>\nmembre de l\u2019ACJT.<\/p>\n<p style=\"text-align: left;\">Pr\u00e9sence de deux invit\u00e9s de marque :<br \/>\n1. un(e) juge de la Cour f\u00e9d\u00e9rale; et<br \/>\n2. Monsieur Jean-Claude G\u00e9mar, professeur \u00e9m\u00e9rite du D\u00e9partement de<br \/>\nlinguistique et de traduction de l\u2019Universit\u00e9 de Montr\u00e9al, membre honoraire<br \/>\nde l\u2019ACJT et auteur d\u2019un tout r\u00e9cent essai sur la jurilinguistique intitul\u00e9 La<br \/>\nqu\u00eate de l\u2019expression optimale du droit : Le langage du droit \u00e0 l\u2019\u00e9preuve du<br \/>\ntexte, publi\u00e9 aux \u00c9ditions Th\u00e9mis.<\/p>\n<p style=\"text-align: left;\">Apr\u00e8s les allocutions, le volet r\u00e9seautage de l\u2019activit\u00e9 se d\u00e9roulera \u00e0 la mezzanine<br \/>\ndu Bistro-Brasserie Les s\u0153urs grises situ\u00e9 au 32, rue McGill \u00e0 Montr\u00e9al tout pr\u00e8s<br \/>\ndes locaux du SATJ. Chaque participant paie ses propres frais.<br \/>\nPour participer \u00e0 cette activit\u00e9, il suffit d\u2019envoyer un courriel \u00e0 l\u2019adresse<br \/>\ninfo@acjt.ca pour confirmer votre pr\u00e9sence d\u2019ici le mercredi 14 f\u00e9vrier 2024 \u00e0<br \/>\n16 h.<br \/>\nIl est demand\u00e9 aux participants de se pr\u00e9senter avec une pi\u00e8ce d\u2019identit\u00e9 avec<br \/>\nphoto afin de pouvoir valider leur identit\u00e9 aupr\u00e8s du bureau de la s\u00e9curit\u00e9 \u00e0<br \/>\nl\u2019entr\u00e9e des locaux du SATJ.<\/p>\n","protected":false},"excerpt":{"rendered":"<p>INVITATION \u00c0 TOUS NOS MEMBRES CAMPAGNE DE RECRUTEMENT DE \u00ab JURILINGUISTES \u00bb PAR LE SERVICE ADMINISTRATIF DES TRIBUNAUX JUDICIAIRES (SATJ) LE VENDREDI 16 F\u00c9VRIER 2024 DE 16 H \u00c0 17 H 30 dans les locaux du SATJ situ\u00e9s au 30, rue McGill \u00e0 Montr\u00e9al Programme&#8230;<\/p>\n","protected":false},"author":2,"featured_media":0,"comment_status":"closed","ping_status":"closed","sticky":false,"template":"","format":"standard","meta":{"footnotes":""},"categories":[2],"tags":[],"class_list":["post-2258","post","type-post","status-publish","format-standard","hentry","category-activites"],"acf":[],"_links":{"self":[{"href":"https:\/\/acjt.ca\/en\/wp-json\/wp\/v2\/posts\/2258","targetHints":{"allow":["GET"]}}],"collection":[{"href":"https:\/\/acjt.ca\/en\/wp-json\/wp\/v2\/posts"}],"about":[{"href":"https:\/\/acjt.ca\/en\/wp-json\/wp\/v2\/types\/post"}],"author":[{"embeddable":true,"href":"https:\/\/acjt.ca\/en\/wp-json\/wp\/v2\/users\/2"}],"replies":[{"embeddable":true,"href":"https:\/\/acjt.ca\/en\/wp-json\/wp\/v2\/comments?post=2258"}],"version-history":[{"count":2,"href":"https:\/\/acjt.ca\/en\/wp-json\/wp\/v2\/posts\/2258\/revisions"}],"predecessor-version":[{"id":2262,"href":"https:\/\/acjt.ca\/en\/wp-json\/wp\/v2\/posts\/2258\/revisions\/2262"}],"wp:attachment":[{"href":"https:\/\/acjt.ca\/en\/wp-json\/wp\/v2\/media?parent=2258"}],"wp:term":[{"taxonomy":"category","embeddable":true,"href":"https:\/\/acjt.ca\/en\/wp-json\/wp\/v2\/categories?post=2258"},{"taxonomy":"post_tag","embeddable":true,"href":"https:\/\/acjt.ca\/en\/wp-json\/wp\/v2\/tags?post=2258"}],"curies":[{"name":"wp","href":"https:\/\/api.w.org\/{rel}","templated":true}]}}