{"id":1928,"date":"2022-06-21T15:23:09","date_gmt":"2022-06-21T19:23:09","guid":{"rendered":"https:\/\/acjt.ca\/?p=1928"},"modified":"2022-06-21T15:23:09","modified_gmt":"2022-06-21T19:23:09","slug":"fasken-avocate-reviseure-services-linguistiques-de-langlais-au-francais","status":"publish","type":"post","link":"https:\/\/acjt.ca\/en\/offres-emploi\/fasken-avocate-reviseure-services-linguistiques-de-langlais-au-francais\/","title":{"rendered":"Fasken &#8211; Avocat(e)-r\u00e9viseur(e) \u2013 Services linguistiques (de l\u2019anglais au fran\u00e7ais)"},"content":{"rendered":"<p><img loading=\"lazy\" decoding=\"async\" class=\"alignnone size-medium wp-image-1929 aligncenter\" src=\"https:\/\/acjt.ca\/wp-content\/uploads\/2022\/06\/Logo-Fasken-300x169.jpg\" alt=\"\" width=\"300\" height=\"169\" srcset=\"https:\/\/acjt.ca\/wp-content\/uploads\/2022\/06\/Logo-Fasken-300x169.jpg 300w, https:\/\/acjt.ca\/wp-content\/uploads\/2022\/06\/Logo-Fasken-539x303.jpg 539w, https:\/\/acjt.ca\/wp-content\/uploads\/2022\/06\/Logo-Fasken.jpg 640w\" sizes=\"auto, (max-width: 300px) 100vw, 300px\" \/><\/p>\n<p style=\"text-align: center;\"><span style=\"color: #ff6600;\"><strong>Avocat(e)-r\u00e9viseur(e) \u2013 Services linguistiques (de l\u2019anglais au fran\u00e7ais)<\/strong><\/span><\/p>\n<p><strong>Poste permanent<\/strong><\/p>\n<p>La personne retenue \u00e0 ce poste sera charg\u00e9e principalement de r\u00e9viser des documents de nature juridique, principalement des documents du domaine des valeurs mobili\u00e8res, ainsi que des contrats, des jugements, des documents d\u2019information continue et d\u2019autres documents vari\u00e9s.<\/p>\n<p><strong>D\u00e9fis et responsabilit\u00e9s<\/strong><\/p>\n<p>La personne retenue rel\u00e8vera de la Directrice adjointe, Services linguistiques, et aura la responsabilit\u00e9 de mener \u00e0 bien les mandats provenant des services externes en effectuant les t\u00e2ches suivantes :<\/p>\n<ul>\n<li>R\u00e9viser les projets assign\u00e9s en respectant le style et le ton appropri\u00e9 ainsi que les normes de qualit\u00e9 les plus \u00e9lev\u00e9es;<\/li>\n<li>Effectuer les recherches documentaires et terminologiques pertinentes, entre autres dans les lois et les r\u00e8glements, ainsi que sur les sites d\u2019information juridique et dans les dictionnaires sp\u00e9cialis\u00e9s, pour assurer le respect du message de d\u00e9part et l\u2019efficacit\u00e9 communicationnelle du texte final;<\/li>\n<li>G\u00e9rer son temps de fa\u00e7on efficace afin de livrer les projets dans le respect des \u00e9ch\u00e9ances \u00e9tablies;<\/li>\n<li>Utiliser judicieusement les outils informatiques mis \u00e0 sa disposition;<\/li>\n<li>Travailler en collaboration avec les autres membres des services linguistiques et contribuer \u00e0 l\u2019esprit d\u2019\u00e9quipe.<\/li>\n<li>\u00c9mettre des lettres d\u2019opinion au besoin.<\/li>\n<\/ul>\n<p><strong>Profil recherch\u00e9<\/strong><\/p>\n<ul>\n<li>Formation en traduction (baccalaur\u00e9at ou autre dipl\u00f4me universitaire en traduction);<\/li>\n<li>\u00catre avocat(e) et membre du barreau;<\/li>\n<li>Bonnes connaissances des valeurs mobili\u00e8res;<\/li>\n<li>Minimum de cinq ann\u00e9es d\u2019exp\u00e9rience en r\u00e9vision, acquises pr\u00e9f\u00e9rablement dans un cabinet juridique ou comptable;<\/li>\n<li>\u00catre membre de l\u2019Ordre des traducteurs, terminologues et interpr\u00e8tes agr\u00e9\u00e9s du Qu\u00e9bec (OTTIAQ) (un atout);<\/li>\n<li>Ma\u00eetrise de la suite Microsoft Office (Word, Excel, PowerPoint, Outlook);<\/li>\n<li>Connaissance des principaux outils d\u2019aide \u00e0 la traduction;<\/li>\n<li>Excellentes aptitudes interpersonnelles et communicationnelles (\u00e0 l\u2019oral et \u00e0 l\u2019\u00e9crit);<\/li>\n<\/ul>\n<ul>\n<li>Rigueur, minutie et curiosit\u00e9 intellectuelle;<\/li>\n<li>Souci du service \u00e0 la client\u00e8le et sens des priorit\u00e9s;<\/li>\n<li>Respect de la confidentialit\u00e9 des documents;<\/li>\n<li>Sens de l\u2019initiative et capacit\u00e9 \u00e0 travailler dans un environnement de collaboration o\u00f9 le travail d\u2019\u00e9quipe est mis de l\u2019avant;<\/li>\n<li>Flexibilit\u00e9, ouverture d\u2019esprit, belle personnalit\u00e9.<\/li>\n<\/ul>\n<p><strong>\u00c0 propos de Fasken<\/strong><\/p>\n<p>Fasken est un cabinet d\u2019avocats chef de file \u00e0 l\u2019\u00e9chelle internationale et qui compte plus de 800 avocats et 1600 professionnels\u00a0 r\u00e9partis dans dix bureaux sur quatre continents. Les clients font appel \u00e0 nous pour se pr\u00e9valoir de conseils juridiques pratiques, innovateurs et \u00e9conomiques. Nous trouvons des solutions aux probl\u00e8mes commerciaux les plus complexes, offrons une valeur exceptionnelle et pla\u00e7ons le client au c\u0153ur de toutes nos activit\u00e9s.<\/p>\n<p><strong>Pourquoi vous joindre \u00e0 l\u2019\u00e9quipe de Fasken?<\/strong><\/p>\n<ul>\n<li>Pour un milieu de travail hybride et flexible int\u00e9grant \u00e0 la fois le t\u00e9l\u00e9travail et la pr\u00e9sence au bureau en fonction des besoins des \u00e9quipes et dans lequel l\u2019\u00e9quilibre de vie est au c\u0153ur de nos priorit\u00e9s;<\/li>\n<li>Pour une r\u00e9mun\u00e9ration concurrentielle, un programme sant\u00e9 et mieux-\u00eatre, un r\u00e9gime d\u2019assurance qui s&#8217;adapte \u00e0 vos besoins et un r\u00e9gime de retraite g\u00e9n\u00e9reux;<\/li>\n<li>Pour une ambiance de travail conviviale o\u00f9 les valeurs de respect, d\u2019ouverture, d&#8217;innovation, de diversit\u00e9, d\u2019\u00e9quit\u00e9 et d\u2019inclusion sont mises de l\u2019avant;<\/li>\n<li>Pour une culture et des leaders qui pr\u00f4nent la formation et le d\u00e9veloppement de carri\u00e8re;<\/li>\n<li>Pour faire partie d\u2019une entreprise qui s\u2019engage et redonne \u00e0 la communaut\u00e9;<\/li>\n<li>Pour des bureaux r\u00e9nov\u00e9s, lumineux et accueillants et une salle de gym \u00e0 disposition de tous<\/li>\n<\/ul>\n<p><span style=\"color: #ff6600;\"><strong>Le d\u00e9fi vous int\u00e9resse?<\/strong><\/span><\/p>\n<p>Soyez acteur de votre r\u00e9ussite et transmettez-nous votre candidature en toute confidentialit\u00e9 via le site suivant\u00a0:<\/p>\n<p><em><a href=\"https:\/\/www.fasken.com\/fr\/careers\">https:\/\/www.fasken.com\/fr\/careers<\/a> <\/em><\/p>\n","protected":false},"excerpt":{"rendered":"<p>Avocat(e)-r\u00e9viseur(e) \u2013 Services linguistiques (de l\u2019anglais au fran\u00e7ais) Poste permanent La personne retenue \u00e0 ce poste sera charg\u00e9e principalement de r\u00e9viser des documents de nature juridique, principalement des documents du domaine des valeurs mobili\u00e8res, ainsi que des contrats, des jugements, des documents d\u2019information continue et&#8230;<\/p>\n","protected":false},"author":2,"featured_media":0,"comment_status":"open","ping_status":"open","sticky":false,"template":"","format":"standard","meta":{"footnotes":""},"categories":[10],"tags":[],"class_list":["post-1928","post","type-post","status-publish","format-standard","hentry","category-offres-emploi"],"acf":[],"_links":{"self":[{"href":"https:\/\/acjt.ca\/en\/wp-json\/wp\/v2\/posts\/1928","targetHints":{"allow":["GET"]}}],"collection":[{"href":"https:\/\/acjt.ca\/en\/wp-json\/wp\/v2\/posts"}],"about":[{"href":"https:\/\/acjt.ca\/en\/wp-json\/wp\/v2\/types\/post"}],"author":[{"embeddable":true,"href":"https:\/\/acjt.ca\/en\/wp-json\/wp\/v2\/users\/2"}],"replies":[{"embeddable":true,"href":"https:\/\/acjt.ca\/en\/wp-json\/wp\/v2\/comments?post=1928"}],"version-history":[{"count":1,"href":"https:\/\/acjt.ca\/en\/wp-json\/wp\/v2\/posts\/1928\/revisions"}],"predecessor-version":[{"id":1931,"href":"https:\/\/acjt.ca\/en\/wp-json\/wp\/v2\/posts\/1928\/revisions\/1931"}],"wp:attachment":[{"href":"https:\/\/acjt.ca\/en\/wp-json\/wp\/v2\/media?parent=1928"}],"wp:term":[{"taxonomy":"category","embeddable":true,"href":"https:\/\/acjt.ca\/en\/wp-json\/wp\/v2\/categories?post=1928"},{"taxonomy":"post_tag","embeddable":true,"href":"https:\/\/acjt.ca\/en\/wp-json\/wp\/v2\/tags?post=1928"}],"curies":[{"name":"wp","href":"https:\/\/api.w.org\/{rel}","templated":true}]}}