{"id":1092,"date":"2021-02-05T15:35:10","date_gmt":"2021-02-05T20:35:10","guid":{"rendered":"https:\/\/acjt.ca\/?p=1092"},"modified":"2021-05-25T13:24:51","modified_gmt":"2021-05-25T17:24:51","slug":"formation-en-ligne-le-24-fevrier-et-e-3-mars-avec-j-p-chapdelaine","status":"publish","type":"post","link":"https:\/\/acjt.ca\/en\/activites\/formation-en-ligne-le-24-fevrier-et-e-3-mars-avec-j-p-chapdelaine\/","title":{"rendered":"Formation en ligne le 24 f\u00e9vrier et le 3 mars 2021, avec J.-P. Chapdelaine"},"content":{"rendered":"<p class=\"x_MsoNormal\"><span lang=\"FR-CA\">Chers membres,<\/span><\/p>\n<p class=\"x_MsoNormal\"><span lang=\"FR-CA\">La prochaine formation organis\u00e9e par l\u2019ACJT sera anim\u00e9e par\u00a0<span style=\"color: #0000ff;\"><b>Jean-Paul Chapdelaine, l\u00e9giste-expert au minist\u00e8re de la Justice du Canada<\/b><\/span>. Monsieur Chapdelaine voit \u00e0 la formation des avocats qui r\u00e9digent les textes l\u00e9gislatifs f\u00e9d\u00e9raux.<\/span><\/p>\n<p class=\"x_MsoNormal\" style=\"padding-left: 40px;\"><b><span lang=\"FR-CA\">DATE\u00a0:\u00a0\u00a0\u00a0<\/span><\/b><span lang=\"FR-CA\">le mercredi 24 f\u00e9vrier 2021, \u00e0 18 h;\u00a0<\/span><\/p>\n<p class=\"x_MsoNormal\" style=\"padding-left: 120px;\"><span lang=\"FR-CA\">le mercredi 3 mars 2021, \u00e0 18 h.<\/span><\/p>\n<p class=\"x_MsoNormal\" style=\"padding-left: 40px;\"><b><span lang=\"FR-CA\">LIEU<\/span><\/b><span lang=\"FR-CA\">\u00a0: En ligne \u2013 Une invitation Zoom sera transmise aux membres qui auront confirm\u00e9 leur pr\u00e9sence quelques jours avant la tenue de l\u2019activit\u00e9<\/span><\/p>\n<p class=\"x_MsoNormal\" style=\"padding-left: 40px;\"><b><span lang=\"FR-CA\">DUR\u00c9E<\/span><\/b><span lang=\"FR-CA\">\u00a0: 2 heures chacune<\/span><\/p>\n<p class=\"x_MsoNormal\"><b><span lang=\"FR-CA\">BARREAU DU QU\u00c9BEC\u00a0:<\/span><\/b><span lang=\"FR-CA\">\u00a0cette formation fait l\u2019objet d\u2019une demande de reconnaissance aupr\u00e8s du Barreau au titre de la formation continue (total de 4\u00a0heures).<\/span><\/p>\n<p class=\"x_MsoNormal\"><b><span lang=\"FR-CA\">PROGRAMME<\/span><\/b><\/p>\n<p class=\"x_MsoNormal\"><span lang=\"FR-CA\">Cette formation traitera des termes du\u00a0<span style=\"color: #0000ff;\"><b>vocabulaire de la preuve, du droit p\u00e9nal et de l\u2019administration<\/b><\/span>. Il\u00a0s&#8217;adresse aux traducteurs juridiques appel\u00e9s \u00e0 traduire de l\u2019anglais au fran\u00e7ais tout document traitant de ces sujets, notamment dans le contexte o\u00f9 les langues utilis\u00e9es jouissent de statuts diff\u00e9rents. Seront pr\u00e9sent\u00e9s le point de vue du l\u00e9gislateur et celui du traducteur.<\/span><\/p>\n<p class=\"x_MsoNormal\"><span lang=\"FR-CA\">\u00c0 l\u2019\u00e9tude, en un coup d\u2019\u0153il\u00a0:<\/span><\/p>\n<p class=\"x_MsoNormal\"><b><span lang=\"FR-CA\">La preuve<\/span><\/b><span lang=\"FR-CA\">, sa d\u00e9finition, son importance, la codification de ses r\u00e8gles de preuve, les moyens de preuve, les pr\u00e9somptions, l\u2019appr\u00e9hension de la preuve, la valeur probante, la charge de la preuve, l\u2019administration de la preuve en justice, le vocabulaire et l\u2019expression de la preuve.<\/span><\/p>\n<p class=\"x_MsoNormal\"><span lang=\"FR-CA\">Le\u00a0<b>droit p\u00e9nal<\/b>, sa place dans le droit canadien, sa d\u00e9finition, le Code criminel, la typologie des infractions, les mots du droit p\u00e9nal.<\/span><\/p>\n<p class=\"x_MsoNormal\"><b><span lang=\"FR-CA\">Le vocabulaire pour dire l\u2019\u00c9tat<\/span><\/b><span lang=\"FR-CA\">, contexte, d\u00e9finition, manifestation de l\u2019\u00c9tat, jurisprudence, expressions.<\/span><\/p>\n<p class=\"x_MsoNormal\"><span lang=\"FR-CA\"><span style=\"color: #0000ff;\">Veuillez confirmer votre pr\u00e9sence, si possible avant le 19 f\u00e9vrier 2021, <b>en r\u00e9pondant \u00e0 ce courriel<\/b><\/span>. Si vous \u00eates inscrit, mais ne pouvez pas venir, veuillez nous en avertir le plus t\u00f4t possible. Merci.<\/span><\/p>\n<p class=\"x_MsoNormal\"><span lang=\"FR-CA\">Salutations cordiales,<\/span><\/p>\n<p class=\"x_MsoNormal\"><span lang=\"FR-CA\">Le conseil d\u2019administration<\/span><\/p>\n","protected":false},"excerpt":{"rendered":"<p>Chers membres, La prochaine formation organis\u00e9e par l\u2019ACJT sera anim\u00e9e par\u00a0Jean-Paul Chapdelaine, l\u00e9giste-expert au minist\u00e8re de la Justice du Canada. Monsieur Chapdelaine voit \u00e0 la formation des avocats qui r\u00e9digent les textes l\u00e9gislatifs f\u00e9d\u00e9raux. DATE\u00a0:\u00a0\u00a0\u00a0le mercredi 24 f\u00e9vrier 2021, \u00e0 18 h;\u00a0 le mercredi 3&#8230;<\/p>\n","protected":false},"author":2,"featured_media":0,"comment_status":"open","ping_status":"open","sticky":false,"template":"","format":"standard","meta":{"footnotes":""},"categories":[2],"tags":[],"class_list":["post-1092","post","type-post","status-publish","format-standard","hentry","category-activites"],"acf":[],"_links":{"self":[{"href":"https:\/\/acjt.ca\/en\/wp-json\/wp\/v2\/posts\/1092","targetHints":{"allow":["GET"]}}],"collection":[{"href":"https:\/\/acjt.ca\/en\/wp-json\/wp\/v2\/posts"}],"about":[{"href":"https:\/\/acjt.ca\/en\/wp-json\/wp\/v2\/types\/post"}],"author":[{"embeddable":true,"href":"https:\/\/acjt.ca\/en\/wp-json\/wp\/v2\/users\/2"}],"replies":[{"embeddable":true,"href":"https:\/\/acjt.ca\/en\/wp-json\/wp\/v2\/comments?post=1092"}],"version-history":[{"count":3,"href":"https:\/\/acjt.ca\/en\/wp-json\/wp\/v2\/posts\/1092\/revisions"}],"predecessor-version":[{"id":1095,"href":"https:\/\/acjt.ca\/en\/wp-json\/wp\/v2\/posts\/1092\/revisions\/1095"}],"wp:attachment":[{"href":"https:\/\/acjt.ca\/en\/wp-json\/wp\/v2\/media?parent=1092"}],"wp:term":[{"taxonomy":"category","embeddable":true,"href":"https:\/\/acjt.ca\/en\/wp-json\/wp\/v2\/categories?post=1092"},{"taxonomy":"post_tag","embeddable":true,"href":"https:\/\/acjt.ca\/en\/wp-json\/wp\/v2\/tags?post=1092"}],"curies":[{"name":"wp","href":"https:\/\/api.w.org\/{rel}","templated":true}]}}